{"id":531,"date":"2022-07-29T20:08:00","date_gmt":"2022-07-29T23:08:00","guid":{"rendered":"https:\/\/fixerengenharia.com.br\/?p=531"},"modified":"2022-09-20T09:58:04","modified_gmt":"2022-09-20T12:58:04","slug":"o-que-e-alvara-de-construcao-quais-documentos-eu-preciso-como-e-esse-alvara-de-7-dias","status":"publish","type":"post","link":"https:\/\/fixerengenharia.com.br\/index.php\/2022\/07\/29\/o-que-e-alvara-de-construcao-quais-documentos-eu-preciso-como-e-esse-alvara-de-7-dias\/","title":{"rendered":"O que \u00e9 alvar\u00e1 de constru\u00e7\u00e3o? Quais documentos eu preciso? Como \u00e9 esse alvar\u00e1 de 7 dias?"},"content":{"rendered":"\t\t<div data-elementor-type=\"wp-post\" data-elementor-id=\"531\" class=\"elementor elementor-531\">\n\t\t\t\t\t\t<section class=\"elementor-section elementor-top-section elementor-element elementor-element-4898d7ce elementor-section-boxed elementor-section-height-default elementor-section-height-default\" data-id=\"4898d7ce\" data-element_type=\"section\" data-e-type=\"section\">\n\t\t\t\t\t\t<div class=\"elementor-container elementor-column-gap-no\">\n\t\t\t\t\t<div class=\"elementor-column elementor-col-50 elementor-top-column elementor-element elementor-element-fe8c0a3 elementor-invisible\" data-id=\"fe8c0a3\" data-element_type=\"column\" data-e-type=\"column\" data-settings=\"{&quot;animation&quot;:&quot;fadeIn&quot;}\">\n\t\t\t<div class=\"elementor-widget-wrap elementor-element-populated\">\n\t\t\t\t\t\t<div class=\"elementor-element elementor-element-1cf912c5 elementor-align-left elementor-widget elementor-widget-post-info\" data-id=\"1cf912c5\" data-element_type=\"widget\" data-e-type=\"widget\" data-widget_type=\"post-info.default\">\n\t\t\t\t<div class=\"elementor-widget-container\">\n\t\t\t\t\t\t\t<ul class=\"elementor-inline-items elementor-icon-list-items elementor-post-info\">\n\t\t\t\t\t\t\t\t<li class=\"elementor-icon-list-item elementor-repeater-item-fde9fb9 elementor-inline-item\" itemprop=\"datePublished\">\n\t\t\t\t\t\t<a href=\"https:\/\/fixerengenharia.com.br\/index.php\/2022\/07\/29\/\">\n\t\t\t\t\t\t\t\t\t\t\t<span class=\"elementor-icon-list-icon\">\n\t\t\t\t\t\t\t\t<i aria-hidden=\"true\" class=\"far fa-calendar-alt\"><\/i>\t\t\t\t\t\t\t<\/span>\n\t\t\t\t\t\t\t\t\t<span class=\"elementor-icon-list-text elementor-post-info__item elementor-post-info__item--type-date\">\n\t\t\t\t\t\t\t\t\t\tjulho 29, 2022\t\t\t\t\t<\/span>\n\t\t\t\t\t\t\t\t\t<\/a>\n\t\t\t\t<\/li>\n\t\t\t\t<li class=\"elementor-icon-list-item elementor-repeater-item-3b16072 elementor-inline-item\">\n\t\t\t\t\t\t\t\t\t\t<span class=\"elementor-icon-list-icon\">\n\t\t\t\t\t\t\t\t<i aria-hidden=\"true\" class=\"far fa-clock\"><\/i>\t\t\t\t\t\t\t<\/span>\n\t\t\t\t\t\t\t\t\t<span class=\"elementor-icon-list-text elementor-post-info__item elementor-post-info__item--type-time\">\n\t\t\t\t\t\t\t\t\t\t8:08 pm\t\t\t\t\t<\/span>\n\t\t\t\t\t\t\t\t<\/li>\n\t\t\t\t<li class=\"elementor-icon-list-item elementor-repeater-item-f7bd4a7 elementor-inline-item\" itemprop=\"author\">\n\t\t\t\t\t\t<a href=\"https:\/\/fixerengenharia.com.br\/index.php\/author\/fixer-engenharia\/\">\n\t\t\t\t\t\t\t\t\t\t\t<span class=\"elementor-icon-list-icon\">\n\t\t\t\t\t\t\t\t<i aria-hidden=\"true\" class=\"far fa-user-circle\"><\/i>\t\t\t\t\t\t\t<\/span>\n\t\t\t\t\t\t\t\t\t<span class=\"elementor-icon-list-text elementor-post-info__item elementor-post-info__item--type-author\">\n\t\t\t\t\t\t\t\t\t\tfixerengenharia\t\t\t\t\t<\/span>\n\t\t\t\t\t\t\t\t\t<\/a>\n\t\t\t\t<\/li>\n\t\t\t\t<\/ul>\n\t\t\t\t\t\t<\/div>\n\t\t\t\t<\/div>\n\t\t\t\t<div class=\"elementor-element elementor-element-f9efb03 elementor-widget elementor-widget-heading\" data-id=\"f9efb03\" data-element_type=\"widget\" data-e-type=\"widget\" data-widget_type=\"heading.default\">\n\t\t\t\t<div class=\"elementor-widget-container\">\n\t\t\t\t\t<h3 class=\"elementor-heading-title elementor-size-default\">O que \u00e9 alvar\u00e1 de constru\u00e7\u00e3o? Quais documentos eu preciso? Como \u00e9 esse alvar\u00e1 de 7 dias?<\/h3>\t\t\t\t<\/div>\n\t\t\t\t<\/div>\n\t\t\t\t<div class=\"elementor-element elementor-element-e13c851 elementor-widget elementor-widget-theme-post-featured-image elementor-widget-image\" data-id=\"e13c851\" data-element_type=\"widget\" data-e-type=\"widget\" data-widget_type=\"theme-post-featured-image.default\">\n\t\t\t\t<div class=\"elementor-widget-container\">\n\t\t\t\t\t\t\t\t\t\t\t\t\t\t\t<img fetchpriority=\"high\" decoding=\"async\" width=\"1024\" height=\"1024\" src=\"https:\/\/fixerengenharia.com.br\/wp-content\/uploads\/2022\/07\/Alvara-de-Construcao.jpg\" class=\"attachment-full size-full wp-image-533\" alt=\"\" srcset=\"https:\/\/fixerengenharia.com.br\/wp-content\/uploads\/2022\/07\/Alvara-de-Construcao.jpg 1024w, https:\/\/fixerengenharia.com.br\/wp-content\/uploads\/2022\/07\/Alvara-de-Construcao-300x300.jpg 300w, https:\/\/fixerengenharia.com.br\/wp-content\/uploads\/2022\/07\/Alvara-de-Construcao-150x150.jpg 150w, https:\/\/fixerengenharia.com.br\/wp-content\/uploads\/2022\/07\/Alvara-de-Construcao-768x768.jpg 768w\" sizes=\"(max-width: 1024px) 100vw, 1024px\" \/>\t\t\t\t\t\t\t\t\t\t\t\t\t\t\t<\/div>\n\t\t\t\t<\/div>\n\t\t\t\t<div class=\"elementor-element elementor-element-6f0bd73 elementor-widget elementor-widget-text-editor\" data-id=\"6f0bd73\" data-element_type=\"widget\" data-e-type=\"widget\" data-widget_type=\"text-editor.default\">\n\t\t\t\t<div class=\"elementor-widget-container\">\n\t\t\t\t\t\t\t\t\t<p style=\"margin: 0cm;\"><span style=\"font-size: 11.5pt; font-family: 'Arial',sans-serif; color: #64646d;\">Voc\u00ea resolveu construir ou reformar e foi informado que antes precisa de alvar\u00e1 para constru\u00e7\u00e3o, mas n\u00e3o sabe o que \u00e9? Descomplicamos para voc\u00ea!<\/span><\/p><p style=\"margin: 15.0pt 0cm 0cm 0cm;\"><span style=\"font-size: 11.5pt; font-family: 'Arial',sans-serif; color: #64646d;\">De acordo com o Governo do Distrito Federal (GDF) alvar\u00e1 \u00e9 o documento expedido com o prazo de validade de 8 anos que autoriza a execu\u00e7\u00e3o de obras iniciais, obras de modifica\u00e7\u00e3o com acr\u00e9scimo ou decr\u00e9scimo de \u00e1rea e obras sem acr\u00e9scimo de \u00e1rea com altera\u00e7\u00e3o estrutural, condicionado \u00e0 exist\u00eancia de projeto aprovado ou visado e sem exig\u00eancias processuais. Ou seja, \u00e9 a libera\u00e7\u00e3o para voc\u00ea realizar sua obra\/reforma que afirma que seus projetos e planejamentos est\u00e3o de acordo com as normas vigentes e a administra\u00e7\u00e3o do local.<\/span><\/p><p style=\"margin: 15.0pt 0cm 0cm 0cm;\"><span style=\"font-size: 11.5pt; font-family: 'Arial',sans-serif; color: #64646d;\">Esse documento \u00e9 de extrema import\u00e2ncia, ele que garante que est\u00e1 tudo ok para voc\u00ea come\u00e7ar a execu\u00e7\u00e3o! Uma obra sem alvar\u00e1 de constru\u00e7\u00e3o corre diversos riscos, pois voc\u00ea poder\u00e1 estar construindo fora dos padr\u00f5es estabelecidos, pode sofrer multas e encargos e ter a obra embargada, al\u00e9m de assumir a responsabilidade civil e criminal, em caso de danos ou preju\u00edzos \u00e0s constru\u00e7\u00f5es vizinhas ou qualquer ocorr\u00eancia desagrad\u00e1vel envolvendo riscos \u00e0 sa\u00fade e \u00e0 vida das pessoas. J\u00e1 pensou no preju\u00edzo?! \u00c9 melhor esperar um pouco para fazer da forma certa e segura, o processo \u00e9 baseado em obter o visto de projeto de arquitetura de obras iniciais ou de modifica\u00e7\u00f5es de estabelecimento comercial, institucional e habita\u00e7\u00e3o coletiva atrav\u00e9s da Central de Aprova\u00e7\u00e3o de Projetos (CAP) e entregar na administra\u00e7\u00e3o regional o requerimento em modelo padr\u00e3o obtido no protocolo da administra\u00e7\u00e3o junto a todas as documenta\u00e7\u00f5es requeridas.<\/span><\/p>\t\t\t\t\t\t\t\t<\/div>\n\t\t\t\t<\/div>\n\t\t\t\t<div class=\"elementor-element elementor-element-c6c274a elementor-widget elementor-widget-heading\" data-id=\"c6c274a\" data-element_type=\"widget\" data-e-type=\"widget\" data-widget_type=\"heading.default\">\n\t\t\t\t<div class=\"elementor-widget-container\">\n\t\t\t\t\t<h5 class=\"elementor-heading-title elementor-size-default\">Alvar\u00e1 em 7 Dias<\/h5>\t\t\t\t<\/div>\n\t\t\t\t<\/div>\n\t\t\t\t<div class=\"elementor-element elementor-element-b4be991 elementor-widget elementor-widget-text-editor\" data-id=\"b4be991\" data-element_type=\"widget\" data-e-type=\"widget\" data-widget_type=\"text-editor.default\">\n\t\t\t\t<div class=\"elementor-widget-container\">\n\t\t\t\t\t\t\t\t\t<p>O Alvar\u00e1 de 7 dias faz parte de um pacote de medidas do SOS Destrava DF, onde foi sancionada pelo governador do Distrito Federal, Ibaneis Rocha, atrav\u00e9s da a Lei 6.412, de 28 de novembro de 2019. Esta institui a emiss\u00e3o de alvar\u00e1 de constru\u00e7\u00e3o para resid\u00eancias em sete dias, ela\u00a0altera o chamado C\u00f3digo de Obras e Edifica\u00e7\u00f5es (Lei 6.138, de 26 de abril de 2018). Com a mudan\u00e7a, a expedi\u00e7\u00e3o do alvar\u00e1 em sete dias pela Central de Aprova\u00e7\u00e3o de Projetos (CAP) fica vinculada \u00e0 apresenta\u00e7\u00e3o do projeto arquitet\u00f4nico e dos documentos a serem previstos no decreto regulamentar, dentre eles o Termo de Responsabilidade em Cumprimento de Normas (TRCN).<\/p><p style=\"margin: 0cm;\">O prazo de licen\u00e7a de obras \u00e9 de 7 dias para habita\u00e7\u00e3o unifamiliar de uso exclusivo e 30 dias para os demais casos. O monitoramento e controle dos projetos habilitados ou licenciados deve ocorrer em at\u00e9 centro e vinte dias ap\u00f3s a expedi\u00e7\u00e3o da licen\u00e7a de obras.<\/p>\t\t\t\t\t\t\t\t<\/div>\n\t\t\t\t<\/div>\n\t\t\t\t<div class=\"elementor-element elementor-element-0f457aa elementor-widget elementor-widget-heading\" data-id=\"0f457aa\" data-element_type=\"widget\" data-e-type=\"widget\" data-widget_type=\"heading.default\">\n\t\t\t\t<div class=\"elementor-widget-container\">\n\t\t\t\t\t<h5 class=\"elementor-heading-title elementor-size-default\">Documenta\u00e7\u00e3o<\/h5>\t\t\t\t<\/div>\n\t\t\t\t<\/div>\n\t\t\t\t<div class=\"elementor-element elementor-element-1cff5be elementor-widget elementor-widget-text-editor\" data-id=\"1cff5be\" data-element_type=\"widget\" data-e-type=\"widget\" data-widget_type=\"text-editor.default\">\n\t\t\t\t<div class=\"elementor-widget-container\">\n\t\t\t\t\t\t\t\t\t<ol><li>Documento de titularidade do lote:<ul><li>Entregar o t\u00edtulo de propriedade do im\u00f3vel registrado em cart\u00f3rio de registro de im\u00f3veis ou contrato com a Administra\u00e7\u00e3o P\u00fablica; ou documento por ela formalmente recebido (autenticada), ou declara\u00e7\u00e3o emitida pela Secretaria de Estado de Desenvolvimento Urbano e Meio Ambiente \u2013 SEDUMA de que se trata de edifica\u00e7\u00e3o destinada a habita\u00e7\u00e3o de interesse social;<\/li><\/ul><\/li><li>Pagamento de taxa relativa ao servi\u00e7o:<ul><li>O boleto da taxa de licenciamento de obras e edifica\u00e7\u00f5es dever\u00e1 ser solicitado presencialmente no Protocolo da CAP ou por email dirarc@seduh.df.gov.br o valor ir\u00e1 variar de acordo com a \u00e1rea de projeto<\/li><li>Habita\u00e7\u00f5es unifamiliares localizadas em \u00e1rea de interesse social ou oriundas de programas sociais, projetos que a \u00e1rea constru\u00edda n\u00e3o ultrapasse 120 metros quadrados\u00a0 ou a \u00e1rea reformada n\u00e3o ultrapasse 50 metros quadrados s\u00e3o isentos dessas taxas de licenciamento.<\/li><\/ul><\/li><li>Nada Consta do \u00f3rg\u00e3o de fiscaliza\u00e7\u00e3o:<ul><li>Certid\u00e3o negativa de d\u00e9bito junto \u00e0 Secretaria de Estado de Prote\u00e7\u00e3o da Ordem Urban\u00edstica \u2013 DF Legal, solicitada presencialmente nos postos de atendimento ao p\u00fablico nas unidades Na Hora.<\/li><\/ul><\/li><li>Projetos t\u00e9cnicos:<ul><li>Dois jogos de c\u00f3pias dos projetos de instala\u00e7\u00f5es prediais (el\u00e9trico, hidrossanit\u00e1rio, telef\u00f4nico),<\/li><li>Dois jogos de c\u00f3pias funda\u00e7\u00f5es e projeto estrutural<\/li><li>Dois jogos de c\u00f3pias de projetos de preven\u00e7\u00e3o de inc\u00eandio aprovado quando pelo Corpo de Bombeiros Militar do Distrito Federal \u2013 CBMDF (para edifica\u00e7\u00f5es comerciais e habita\u00e7\u00e3o coletiva);<\/li><li><strong>Todos os projetos precisam estar com ART (Anota\u00e7\u00e3o de Responsabilidade T\u00e9cnica) ou RRT (Registro de Responsabilidade T\u00e9cnica);<\/strong><\/li><\/ul><\/li><li>Certificado de demarca\u00e7\u00e3o do lote:<ul><li>Documento emitido pela TERRACAP, cabendo ao requerente apresentar identifica\u00e7\u00e3o pessoal, documento de titularidade do lote e em alguns casos certid\u00e3o de \u00f4nus do im\u00f3vel;<\/li><\/ul><\/li><li>Levantamento topogr\u00e1fico;<\/li><li>Contrato de concess\u00e3o de uso:<ol><li>espa\u00e7o a\u00e9reo<\/li><li>GLP<\/li><li>subsolo;<\/li><\/ol><\/li><li>Termo de responsabilidade e cumprimento de normas \u2013 TRCN<ul><li>Termo subscrito pelo propriet\u00e1rio, autor do projeto e executor da obra, quando da apresenta\u00e7\u00e3o de projeto destinado a habita\u00e7\u00e3o unifamiliar de uso exclusivo, na qual declaram a inexist\u00eancia de edifica\u00e7\u00e3o n\u00e3o licenciada no lote, o cumprimento dos par\u00e2metros urban\u00edsticos e de acessibilidade das \u00e1reas p\u00fablicas lindeiras ao lote e a responsabilidade pelo \u00f4nus do eventual remanejamento de redes de infraestrutura e recupera\u00e7\u00e3o de \u00e1rea p\u00fablica.<\/li><\/ul><\/li><li>Termo de autoriza\u00e7\u00e3o de uso: tapume (se for o caso).<\/li><\/ol><p>\u00a0<\/p><p>Em casos de emiss\u00e3o de Alvar\u00e1 de Constru\u00e7\u00e3o para outras atividades que n\u00e3o sejam Habita\u00e7\u00e3o Unifamiliar, verificar documenta\u00e7\u00e3o espec\u00edfica junto \u00e0 Administra\u00e7\u00e3o.<\/p>\t\t\t\t\t\t\t\t<\/div>\n\t\t\t\t<\/div>\n\t\t\t\t<div class=\"elementor-element elementor-element-95dc241 elementor-widget elementor-widget-heading\" data-id=\"95dc241\" data-element_type=\"widget\" data-e-type=\"widget\" data-widget_type=\"heading.default\">\n\t\t\t\t<div class=\"elementor-widget-container\">\n\t\t\t\t\t<h5 class=\"elementor-heading-title elementor-size-default\">Em Zonas Rurais<\/h5>\t\t\t\t<\/div>\n\t\t\t\t<\/div>\n\t\t\t\t<div class=\"elementor-element elementor-element-8b4092c elementor-widget elementor-widget-text-editor\" data-id=\"8b4092c\" data-element_type=\"widget\" data-e-type=\"widget\" data-widget_type=\"text-editor.default\">\n\t\t\t\t<div class=\"elementor-widget-container\">\n\t\t\t\t\t\t\t\t\t<p>A solicita\u00e7\u00e3o para obten\u00e7\u00e3o do Alvar\u00e1 de Constru\u00e7\u00e3o em zonas rurais ou \u00e1reas rurais remanescentes definidas na legisla\u00e7\u00e3o de uso e ocupa\u00e7\u00e3o do solo dar-se-\u00e1 ap\u00f3s a aprova\u00e7\u00e3o ou visto do projeto de arquitetura e mediante a apresenta\u00e7\u00e3o dos seguintes documentos:<\/p><ol><li>Comprovante de pagamento de taxas relativas aos servi\u00e7os requeridos;<\/li><li>T\u00edtulo de propriedade do im\u00f3vel registrado no Cart\u00f3rio de Registro de Im\u00f3veis ou contrato com a administra\u00e7\u00e3o p\u00fablica ou documento por ela formalmente reconhecido;<\/li><li>Uma via da ART do respons\u00e1vel t\u00e9cnico da obra, registrada no CREA\/DF ou CAU\/DF.<\/li><\/ol>\t\t\t\t\t\t\t\t<\/div>\n\t\t\t\t<\/div>\n\t\t\t\t<div class=\"elementor-element elementor-element-e89ba6c elementor-widget elementor-widget-heading\" data-id=\"e89ba6c\" data-element_type=\"widget\" data-e-type=\"widget\" data-widget_type=\"heading.default\">\n\t\t\t\t<div class=\"elementor-widget-container\">\n\t\t\t\t\t<h5 class=\"elementor-heading-title elementor-size-default\">Obras e Servi\u00e7os em \u00c1reas P\u00fablicas<\/h5>\t\t\t\t<\/div>\n\t\t\t\t<\/div>\n\t\t\t\t<div class=\"elementor-element elementor-element-f1f0175 elementor-widget elementor-widget-text-editor\" data-id=\"f1f0175\" data-element_type=\"widget\" data-e-type=\"widget\" data-widget_type=\"text-editor.default\">\n\t\t\t\t<div class=\"elementor-widget-container\">\n\t\t\t\t\t\t\t\t\t<p>A solicita\u00e7\u00e3o para obten\u00e7\u00e3o de licen\u00e7a para obras e servi\u00e7os em \u00e1rea p\u00fablica dar-se-\u00e1 ap\u00f3s a aprova\u00e7\u00e3o do projeto de arquitetura, quando for o caso, e mediante a apresenta\u00e7\u00e3o dos seguintes documentos:<\/p><ol><li>Croqui que indique a localiza\u00e7\u00e3o da obra ou servi\u00e7o a ser executado;<\/li><li>Uma via da ART (Anota\u00e7\u00e3o de Responsabilidade T\u00e9cnica) ou RRT (Registro de Responsabilidade T\u00e9cnica) do respons\u00e1vel t\u00e9cnico pela obra registrada no CREA\/DF ou CAU\/DF.<\/li><li>C\u00f3pia do contrato ou nota de empenho quando tratar-se de obra ou servi\u00e7o contratado por \u00f3rg\u00e3o da administra\u00e7\u00e3o p\u00fablica;<\/li><li>Comprovante de pagamento de taxas e de pre\u00e7o p\u00fablico, previstos em legisla\u00e7\u00e3o espec\u00edfica;<\/li><li>Termo de compromisso do respons\u00e1vel pela obra e servi\u00e7o de que a \u00e1rea p\u00fablica utilizada ser\u00e1 recuperada de acordo com projeto de urbanismo respectivo;<\/li><\/ol>\t\t\t\t\t\t\t\t<\/div>\n\t\t\t\t<\/div>\n\t\t\t\t<div class=\"elementor-element elementor-element-15b6d94 elementor-widget elementor-widget-heading\" data-id=\"15b6d94\" data-element_type=\"widget\" data-e-type=\"widget\" data-widget_type=\"heading.default\">\n\t\t\t\t<div class=\"elementor-widget-container\">\n\t\t\t\t\t<h5 class=\"elementor-heading-title elementor-size-default\">Observa\u00e7\u00f5es Gerais<\/h5>\t\t\t\t<\/div>\n\t\t\t\t<\/div>\n\t\t\t\t<div class=\"elementor-element elementor-element-9a71a2d elementor-widget elementor-widget-text-editor\" data-id=\"9a71a2d\" data-element_type=\"widget\" data-e-type=\"widget\" data-widget_type=\"text-editor.default\">\n\t\t\t\t<div class=\"elementor-widget-container\">\n\t\t\t\t\t\t\t\t\t<ul><li>Com a altera\u00e7\u00e3o do C\u00f3digo de Obras e Edifica\u00e7\u00f5es do DF, para os casos de habita\u00e7\u00e3o unifamiliar de uso exclusivo, o alvar\u00e1 de constru\u00e7\u00e3o ser\u00e1 expedido ap\u00f3s a entrega de dep\u00f3sito do projeto arquitet\u00f4nico, observada a obrigatoriedade de documentos complementares e demais condi\u00e7\u00f5es para a admissibilidade.<\/li><li>Os projetos de instala\u00e7\u00f5es prediais, de estrutura, de seguran\u00e7a contra inc\u00eandio e p\u00e2nico e outros complementares ao projeto arquitet\u00f4nico poder\u00e3o ser apresentados no prazo m\u00e1ximo de sessenta dias, contados a partir da data de expedi\u00e7\u00e3o do Alvar\u00e1 de Constru\u00e7\u00e3o, ficando o propriet\u00e1rio, o autor do projeto e o respons\u00e1vel t\u00e9cnico sujeitos aplica\u00e7\u00e3o da multa prevista no \u00a71\u00ba do art. 166 da mesma Lei. (Alterado \u2013 Decreto n\u00ba 25.856\/2005).<\/li><\/ul><p style=\"margin: 15.0pt 0cm 0cm 0cm;\"><span style=\"font-size: 11.5pt; font-family: 'Arial',sans-serif; color: #64646d;\">Fontes:<\/span><\/p><p style=\"margin: 15.0pt 0cm 0cm 0cm;\"><span style=\"font-size: 11.5pt; font-family: 'Arial',sans-serif; color: #64646d;\">http:\/\/www.cap.seduh.df.gov.br\/<\/span><\/p><p style=\"margin: 15.0pt 0cm 0cm 0cm;\"><span style=\"font-size: 11.5pt; font-family: 'Arial',sans-serif; color: #64646d;\">http:\/\/www.planopiloto.df.gov.br\/<\/span><\/p><p style=\"margin: 15.0pt 0cm 0cm 0cm;\"><span style=\"font-size: 11.5pt; font-family: 'Arial',sans-serif; color: #64646d;\">http:\/\/www.lagonorte.df.gov.br\/<\/span><\/p>\t\t\t\t\t\t\t\t<\/div>\n\t\t\t\t<\/div>\n\t\t\t\t\t<\/div>\n\t\t<\/div>\n\t\t\t\t<div class=\"elementor-column elementor-col-50 elementor-top-column elementor-element elementor-element-683593c1 elementor-invisible\" data-id=\"683593c1\" data-element_type=\"column\" data-e-type=\"column\" data-settings=\"{&quot;animation&quot;:&quot;fadeIn&quot;}\">\n\t\t\t<div class=\"elementor-widget-wrap elementor-element-populated\">\n\t\t\t\t\t\t<section class=\"elementor-section elementor-inner-section elementor-element elementor-element-2149b774 elementor-section-boxed elementor-section-height-default elementor-section-height-default\" data-id=\"2149b774\" data-element_type=\"section\" data-e-type=\"section\" data-settings=\"{&quot;background_background&quot;:&quot;classic&quot;}\">\n\t\t\t\t\t\t<div class=\"elementor-container elementor-column-gap-no\">\n\t\t\t\t\t<div class=\"elementor-column elementor-col-50 elementor-inner-column elementor-element elementor-element-417e9629\" data-id=\"417e9629\" data-element_type=\"column\" data-e-type=\"column\">\n\t\t\t<div class=\"elementor-widget-wrap elementor-element-populated\">\n\t\t\t\t\t\t<div class=\"elementor-element elementor-element-526ed520 elementor-widget elementor-widget-heading\" data-id=\"526ed520\" data-element_type=\"widget\" data-e-type=\"widget\" data-widget_type=\"heading.default\">\n\t\t\t\t<div class=\"elementor-widget-container\">\n\t\t\t\t\t<h2 class=\"elementor-heading-title elementor-size-default\">Compartilhar:<\/h2>\t\t\t\t<\/div>\n\t\t\t\t<\/div>\n\t\t\t\t\t<\/div>\n\t\t<\/div>\n\t\t\t\t<div class=\"elementor-column elementor-col-50 elementor-inner-column elementor-element elementor-element-3daba04e\" data-id=\"3daba04e\" data-element_type=\"column\" data-e-type=\"column\">\n\t\t\t<div class=\"elementor-widget-wrap elementor-element-populated\">\n\t\t\t\t\t\t<div class=\"elementor-element elementor-element-467cbc63 elementor-icon-list--layout-inline elementor-align-end elementor-mobile-align-center elementor-list-item-link-full_width elementor-widget elementor-widget-icon-list\" data-id=\"467cbc63\" data-element_type=\"widget\" data-e-type=\"widget\" data-widget_type=\"icon-list.default\">\n\t\t\t\t<div class=\"elementor-widget-container\">\n\t\t\t\t\t\t\t<ul class=\"elementor-icon-list-items elementor-inline-items\">\n\t\t\t\t\t\t\t<li class=\"elementor-icon-list-item elementor-inline-item\">\n\t\t\t\t\t\t\t\t\t\t\t<span class=\"elementor-icon-list-icon\">\n\t\t\t\t\t\t\t<i aria-hidden=\"true\" class=\"fab fa-facebook-f\"><\/i>\t\t\t\t\t\t<\/span>\n\t\t\t\t\t\t\t\t\t\t<span class=\"elementor-icon-list-text\"><\/span>\n\t\t\t\t\t\t\t\t\t<\/li>\n\t\t\t\t\t\t\t\t<li class=\"elementor-icon-list-item elementor-inline-item\">\n\t\t\t\t\t\t\t\t\t\t\t<span class=\"elementor-icon-list-icon\">\n\t\t\t\t\t\t\t<i aria-hidden=\"true\" class=\"fab fa-twitter\"><\/i>\t\t\t\t\t\t<\/span>\n\t\t\t\t\t\t\t\t\t\t<span class=\"elementor-icon-list-text\"><\/span>\n\t\t\t\t\t\t\t\t\t<\/li>\n\t\t\t\t\t\t\t\t<li class=\"elementor-icon-list-item elementor-inline-item\">\n\t\t\t\t\t\t\t\t\t\t\t<span class=\"elementor-icon-list-icon\">\n\t\t\t\t\t\t\t<i aria-hidden=\"true\" class=\"fab fa-linkedin-in\"><\/i>\t\t\t\t\t\t<\/span>\n\t\t\t\t\t\t\t\t\t\t<span class=\"elementor-icon-list-text\"><\/span>\n\t\t\t\t\t\t\t\t\t<\/li>\n\t\t\t\t\t\t<\/ul>\n\t\t\t\t\t\t<\/div>\n\t\t\t\t<\/div>\n\t\t\t\t\t<\/div>\n\t\t<\/div>\n\t\t\t\t\t<\/div>\n\t\t<\/section>\n\t\t\t\t<div class=\"elementor-element elementor-element-15f91fa1 elementor-widget elementor-widget-heading\" data-id=\"15f91fa1\" data-element_type=\"widget\" data-e-type=\"widget\" data-widget_type=\"heading.default\">\n\t\t\t\t<div class=\"elementor-widget-container\">\n\t\t\t\t\t<h2 class=\"elementor-heading-title elementor-size-default\">Mais Posts<\/h2>\t\t\t\t<\/div>\n\t\t\t\t<\/div>\n\t\t\t\t<div class=\"elementor-element elementor-element-7ebcfcf4 elementor-widget-divider--view-line elementor-widget elementor-widget-divider\" data-id=\"7ebcfcf4\" data-element_type=\"widget\" data-e-type=\"widget\" data-widget_type=\"divider.default\">\n\t\t\t\t<div class=\"elementor-widget-container\">\n\t\t\t\t\t\t\t<div class=\"elementor-divider\">\n\t\t\t<span class=\"elementor-divider-separator\">\n\t\t\t\t\t\t<\/span>\n\t\t<\/div>\n\t\t\t\t\t\t<\/div>\n\t\t\t\t<\/div>\n\t\t\t\t<div class=\"elementor-element elementor-element-4ae3a6e4 elementor-grid-1 elementor-posts--thumbnail-left elementor-grid-tablet-2 elementor-grid-mobile-1 elementor-widget elementor-widget-posts\" data-id=\"4ae3a6e4\" data-element_type=\"widget\" data-e-type=\"widget\" data-settings=\"{&quot;classic_columns&quot;:&quot;1&quot;,&quot;classic_columns_tablet&quot;:&quot;2&quot;,&quot;classic_columns_mobile&quot;:&quot;1&quot;,&quot;classic_row_gap&quot;:{&quot;unit&quot;:&quot;px&quot;,&quot;size&quot;:35,&quot;sizes&quot;:[]},&quot;classic_row_gap_tablet&quot;:{&quot;unit&quot;:&quot;px&quot;,&quot;size&quot;:&quot;&quot;,&quot;sizes&quot;:[]},&quot;classic_row_gap_mobile&quot;:{&quot;unit&quot;:&quot;px&quot;,&quot;size&quot;:&quot;&quot;,&quot;sizes&quot;:[]}}\" data-widget_type=\"posts.classic\">\n\t\t\t\t<div class=\"elementor-widget-container\">\n\t\t\t\t\t\t\t<div class=\"elementor-posts-container elementor-posts elementor-posts--skin-classic elementor-grid\">\n\t\t\t\t<article class=\"elementor-post elementor-grid-item post-1196 post type-post status-publish format-standard hentry category-engenharia-diagnostica category-laudo-de-inspecao tag-edificacao tag-inspecao tag-laudo tag-laudo-de-inspecao tag-sindico tag-tecnico\">\n\t\t\t\t<div class=\"elementor-post__text\">\n\t\t\t\t<h3 class=\"elementor-post__title\">\n\t\t\t<a href=\"https:\/\/fixerengenharia.com.br\/index.php\/2023\/04\/08\/laudo-de-inspecao-predial\/\" >\n\t\t\t\tLaudo de Inspe\u00e7\u00e3o Predial\t\t\t<\/a>\n\t\t<\/h3>\n\t\t\t\t<div class=\"elementor-post__meta-data\">\n\t\t\t\t\t<span class=\"elementor-post-date\">\n\t\t\t08\/04\/2023\t\t<\/span>\n\t\t\t\t<span class=\"elementor-post-time\">\n\t\t\t13:55\t\t<\/span>\n\t\t\t\t<\/div>\n\t\t\t\t<\/div>\n\t\t\t\t<\/article>\n\t\t\t\t<article class=\"elementor-post elementor-grid-item post-1098 post type-post status-publish format-standard hentry category-uncategorized\">\n\t\t\t\t<div class=\"elementor-post__text\">\n\t\t\t\t<h3 class=\"elementor-post__title\">\n\t\t\t<a href=\"https:\/\/fixerengenharia.com.br\/index.php\/2023\/02\/08\/elementor-1098\/\" >\n\t\t\t\tLaudo de Estabilidade de Edifica\u00e7\u00e3o\t\t\t<\/a>\n\t\t<\/h3>\n\t\t\t\t<div class=\"elementor-post__meta-data\">\n\t\t\t\t\t<span class=\"elementor-post-date\">\n\t\t\t08\/02\/2023\t\t<\/span>\n\t\t\t\t<span class=\"elementor-post-time\">\n\t\t\t23:03\t\t<\/span>\n\t\t\t\t<\/div>\n\t\t\t\t<\/div>\n\t\t\t\t<\/article>\n\t\t\t\t<article class=\"elementor-post elementor-grid-item post-1071 post type-post status-publish format-standard hentry category-uncategorized\">\n\t\t\t\t<div class=\"elementor-post__text\">\n\t\t\t\t<h3 class=\"elementor-post__title\">\n\t\t\t<a href=\"https:\/\/fixerengenharia.com.br\/index.php\/2022\/11\/27\/execucao-de-redes-glp-gas-encanado\/\" >\n\t\t\t\tExecu\u00e7\u00e3o de redes GLP &#8211; G\u00e1s Encanado\t\t\t<\/a>\n\t\t<\/h3>\n\t\t\t\t<div class=\"elementor-post__meta-data\">\n\t\t\t\t\t<span class=\"elementor-post-date\">\n\t\t\t27\/11\/2022\t\t<\/span>\n\t\t\t\t<span class=\"elementor-post-time\">\n\t\t\t18:07\t\t<\/span>\n\t\t\t\t<\/div>\n\t\t\t\t<\/div>\n\t\t\t\t<\/article>\n\t\t\t\t<article class=\"elementor-post elementor-grid-item post-849 post type-post status-publish format-standard hentry category-uncategorized\">\n\t\t\t\t<div class=\"elementor-post__text\">\n\t\t\t\t<h3 class=\"elementor-post__title\">\n\t\t\t<a href=\"https:\/\/fixerengenharia.com.br\/index.php\/2022\/08\/01\/teste-de-estanqueidade-de-redes-glp\/\" >\n\t\t\t\tTeste de Estanqueidade de Redes GLP\t\t\t<\/a>\n\t\t<\/h3>\n\t\t\t\t<div class=\"elementor-post__meta-data\">\n\t\t\t\t\t<span class=\"elementor-post-date\">\n\t\t\t01\/08\/2022\t\t<\/span>\n\t\t\t\t<span class=\"elementor-post-time\">\n\t\t\t11:10\t\t<\/span>\n\t\t\t\t<\/div>\n\t\t\t\t<\/div>\n\t\t\t\t<\/article>\n\t\t\t\t<\/div>\n\t\t\n\t\t\t\t\t\t<\/div>\n\t\t\t\t<\/div>\n\t\t\t\t<section class=\"elementor-section elementor-inner-section elementor-element elementor-element-8566e5a elementor-section-boxed elementor-section-height-default elementor-section-height-default\" data-id=\"8566e5a\" data-element_type=\"section\" data-e-type=\"section\" data-settings=\"{&quot;background_background&quot;:&quot;classic&quot;}\">\n\t\t\t\t\t\t<div class=\"elementor-container elementor-column-gap-default\">\n\t\t\t\t\t<div class=\"elementor-column elementor-col-100 elementor-inner-column elementor-element elementor-element-2641261\" data-id=\"2641261\" data-element_type=\"column\" data-e-type=\"column\">\n\t\t\t<div class=\"elementor-widget-wrap elementor-element-populated\">\n\t\t\t\t\t\t<div class=\"elementor-element elementor-element-1c7bbb7 elementor-widget elementor-widget-heading\" data-id=\"1c7bbb7\" data-element_type=\"widget\" data-e-type=\"widget\" data-widget_type=\"heading.default\">\n\t\t\t\t<div class=\"elementor-widget-container\">\n\t\t\t\t\t<h3 class=\"elementor-heading-title elementor-size-default\">Nos envie uma Mensagem<\/h3>\t\t\t\t<\/div>\n\t\t\t\t<\/div>\n\t\t\t\t<div class=\"elementor-element elementor-element-c11729f elementor-position-inline-start elementor-view-default elementor-mobile-position-block-start elementor-widget elementor-widget-icon-box\" data-id=\"c11729f\" data-element_type=\"widget\" data-e-type=\"widget\" data-settings=\"{&quot;_animation&quot;:&quot;none&quot;,&quot;_animation_delay&quot;:200}\" data-widget_type=\"icon-box.default\">\n\t\t\t\t<div class=\"elementor-widget-container\">\n\t\t\t\t\t\t\t<div class=\"elementor-icon-box-wrapper\">\n\n\t\t\t\t\t\t<div class=\"elementor-icon-box-icon\">\n\t\t\t\t<a href=\"http:\/\/wa.me\/5561994460256\" class=\"elementor-icon\" tabindex=\"-1\" aria-label=\"Telefone\">\n\t\t\t\t<i aria-hidden=\"true\" class=\"fas fa-phone\"><\/i>\t\t\t\t<\/a>\n\t\t\t<\/div>\n\t\t\t\n\t\t\t\t\t\t<div class=\"elementor-icon-box-content\">\n\n\t\t\t\t\t\t\t\t\t<h3 class=\"elementor-icon-box-title\">\n\t\t\t\t\t\t<a href=\"http:\/\/wa.me\/5561994460256\" >\n\t\t\t\t\t\t\tTelefone\t\t\t\t\t\t<\/a>\n\t\t\t\t\t<\/h3>\n\t\t\t\t\n\t\t\t\t\t\t\t\t\t<p class=\"elementor-icon-box-description\">\n\t\t\t\t\t\t61 99446-0256 (clique no \u00edcone ao lado para entrar em contato pelo Whatsapp)\t\t\t\t\t<\/p>\n\t\t\t\t\n\t\t\t<\/div>\n\t\t\t\n\t\t<\/div>\n\t\t\t\t\t\t<\/div>\n\t\t\t\t<\/div>\n\t\t\t\t<div class=\"elementor-element elementor-element-f0121a5 elementor-position-inline-start elementor-view-default elementor-mobile-position-block-start elementor-widget elementor-widget-icon-box\" data-id=\"f0121a5\" data-element_type=\"widget\" data-e-type=\"widget\" data-widget_type=\"icon-box.default\">\n\t\t\t\t<div class=\"elementor-widget-container\">\n\t\t\t\t\t\t\t<div class=\"elementor-icon-box-wrapper\">\n\n\t\t\t\t\t\t<div class=\"elementor-icon-box-icon\">\n\t\t\t\t<span  class=\"elementor-icon\">\n\t\t\t\t<i aria-hidden=\"true\" class=\"fas fa-envelope\"><\/i>\t\t\t\t<\/span>\n\t\t\t<\/div>\n\t\t\t\n\t\t\t\t\t\t<div class=\"elementor-icon-box-content\">\n\n\t\t\t\t\t\t\t\t\t<h3 class=\"elementor-icon-box-title\">\n\t\t\t\t\t\t<span  >\n\t\t\t\t\t\t\tEmail\t\t\t\t\t\t<\/span>\n\t\t\t\t\t<\/h3>\n\t\t\t\t\n\t\t\t\t\t\t\t\t\t<p class=\"elementor-icon-box-description\">\n\t\t\t\t\t\tfixer.engenharia@gmail.com\t\t\t\t\t<\/p>\n\t\t\t\t\n\t\t\t<\/div>\n\t\t\t\n\t\t<\/div>\n\t\t\t\t\t\t<\/div>\n\t\t\t\t<\/div>\n\t\t\t\t\t<\/div>\n\t\t<\/div>\n\t\t\t\t\t<\/div>\n\t\t<\/section>\n\t\t\t\t\t<\/div>\n\t\t<\/div>\n\t\t\t\t\t<\/div>\n\t\t<\/section>\n\t\t\t\t<section class=\"elementor-section elementor-top-section elementor-element elementor-element-40028944 elementor-section-boxed elementor-section-height-default elementor-section-height-default\" data-id=\"40028944\" data-element_type=\"section\" data-e-type=\"section\">\n\t\t\t\t\t\t<div class=\"elementor-container elementor-column-gap-default\">\n\t\t\t\t\t<div class=\"elementor-column elementor-col-100 elementor-top-column elementor-element elementor-element-527f888c\" data-id=\"527f888c\" data-element_type=\"column\" data-e-type=\"column\">\n\t\t\t<div class=\"elementor-widget-wrap elementor-element-populated\">\n\t\t\t\t\t\t<div class=\"elementor-element elementor-element-2cec272b elementor-post-navigation-borders-yes elementor-widget elementor-widget-post-navigation\" data-id=\"2cec272b\" data-element_type=\"widget\" data-e-type=\"widget\" data-widget_type=\"post-navigation.default\">\n\t\t\t\t<div class=\"elementor-widget-container\">\n\t\t\t\t\t\t\t<div class=\"elementor-post-navigation\">\n\t\t\t<div class=\"elementor-post-navigation__prev elementor-post-navigation__link\">\n\t\t\t\t<a href=\"https:\/\/fixerengenharia.com.br\/index.php\/2022\/07\/31\/impermeabilizacao-o-que-e-e-por-que-impermeabilizar\/\" rel=\"prev\"><span class=\"post-navigation__arrow-wrapper post-navigation__arrow-prev\"><i class=\"fa fa-chevron-circle-left\" aria-hidden=\"true\"><\/i><span class=\"elementor-screen-only\">Prev<\/span><\/span><span class=\"elementor-post-navigation__link__prev\"><span class=\"post-navigation__prev--label\">Anterior<\/span><span class=\"post-navigation__prev--title\">Impermeabiliza\u00e7\u00e3o: o que \u00e9 e por que impermeabilizar?<\/span><\/span><\/a>\t\t\t<\/div>\n\t\t\t\t\t\t\t<div class=\"elementor-post-navigation__separator-wrapper\">\n\t\t\t\t\t<div class=\"elementor-post-navigation__separator\"><\/div>\n\t\t\t\t<\/div>\n\t\t\t\t\t\t<div class=\"elementor-post-navigation__next elementor-post-navigation__link\">\n\t\t\t\t<a href=\"https:\/\/fixerengenharia.com.br\/index.php\/2022\/11\/27\/execucao-de-redes-glp-gas-encanado\/\" rel=\"next\"><span class=\"elementor-post-navigation__link__next\"><span class=\"post-navigation__next--label\">Pr\u00f3ximo<\/span><span class=\"post-navigation__next--title\">Execu\u00e7\u00e3o de redes GLP &#8211; G\u00e1s Encanado<\/span><\/span><span class=\"post-navigation__arrow-wrapper post-navigation__arrow-next\"><i class=\"fa fa-chevron-circle-right\" aria-hidden=\"true\"><\/i><span class=\"elementor-screen-only\">Next<\/span><\/span><\/a>\t\t\t<\/div>\n\t\t<\/div>\n\t\t\t\t\t\t<\/div>\n\t\t\t\t<\/div>\n\t\t\t\t\t<\/div>\n\t\t<\/div>\n\t\t\t\t\t<\/div>\n\t\t<\/section>\n\t\t\t\t<\/div>\n\t\t","protected":false},"excerpt":{"rendered":"<p>O que \u00e9 alvar\u00e1 de constru\u00e7\u00e3o? Quais documentos eu preciso? Como \u00e9 esse alvar\u00e1 de 7 dias? Voc\u00ea resolveu construir ou reformar e foi informado<\/p>\n","protected":false},"author":1,"featured_media":0,"comment_status":"open","ping_status":"open","sticky":false,"template":"elementor_header_footer","format":"standard","meta":{"footnotes":""},"categories":[1],"tags":[],"class_list":["post-531","post","type-post","status-publish","format-standard","hentry","category-uncategorized"],"aioseo_notices":[],"_links":{"self":[{"href":"https:\/\/fixerengenharia.com.br\/index.php\/wp-json\/wp\/v2\/posts\/531","targetHints":{"allow":["GET"]}}],"collection":[{"href":"https:\/\/fixerengenharia.com.br\/index.php\/wp-json\/wp\/v2\/posts"}],"about":[{"href":"https:\/\/fixerengenharia.com.br\/index.php\/wp-json\/wp\/v2\/types\/post"}],"author":[{"embeddable":true,"href":"https:\/\/fixerengenharia.com.br\/index.php\/wp-json\/wp\/v2\/users\/1"}],"replies":[{"embeddable":true,"href":"https:\/\/fixerengenharia.com.br\/index.php\/wp-json\/wp\/v2\/comments?post=531"}],"version-history":[{"count":10,"href":"https:\/\/fixerengenharia.com.br\/index.php\/wp-json\/wp\/v2\/posts\/531\/revisions"}],"predecessor-version":[{"id":915,"href":"https:\/\/fixerengenharia.com.br\/index.php\/wp-json\/wp\/v2\/posts\/531\/revisions\/915"}],"wp:attachment":[{"href":"https:\/\/fixerengenharia.com.br\/index.php\/wp-json\/wp\/v2\/media?parent=531"}],"wp:term":[{"taxonomy":"category","embeddable":true,"href":"https:\/\/fixerengenharia.com.br\/index.php\/wp-json\/wp\/v2\/categories?post=531"},{"taxonomy":"post_tag","embeddable":true,"href":"https:\/\/fixerengenharia.com.br\/index.php\/wp-json\/wp\/v2\/tags?post=531"}],"curies":[{"name":"wp","href":"https:\/\/api.w.org\/{rel}","templated":true}]}}